{"id":32482,"date":"2023-06-19T13:04:23","date_gmt":"2023-06-19T17:04:23","guid":{"rendered":"https:\/\/www.clevelandregos.org\/?p=32482"},"modified":"2023-08-30T22:11:24","modified_gmt":"2023-08-31T02:11:24","slug":"golden-anniversary-dance-rehearsal-calendar-for-alumni-folk-dancers","status":"publish","type":"post","link":"https:\/\/www.clevelandregos.org\/en\/golden-anniversary-dance-rehearsal-calendar-for-alumni-folk-dancers\/","title":{"rendered":"Golden Anniversary Dance Rehearsal Calendar for Alumni Folk Dancers"},"content":{"rendered":"<p>Needs translation<\/p>\n<p>Let\u00f6lt\u00e9s: <a href=\"https:\/\/www.clevelandregos.org\/wp-content\/uploads\/2023\/06\/Aranylakodalom-probanaptar.pdf\">Aranylakodalom pr\u00f3banapt\u00e1r<\/a><\/p>\n<p>Aranylakodalom pr\u00f3banapt\u00e1r<i class=\"otgs-ico-add js-otgs-popover-tooltip tippy-active\" tabindex=\"0\" data-original-title=\"Add translation to English\" aria-describedby=\"tippy-2\"><\/i><\/p>\n<p><strong>F\u0150PR\u00d3BA<\/strong><br \/>\nmindenkinek november 14-\u00e9n, kedd este 6:30-t\u00f3l a Lakewood Civic Auditorium sz\u00ednpad\u00e1n)<\/p>\n<p><strong>Moldvai t\u00e1nc (n\u0151i t\u00e1nc)<\/strong><\/p>\n<p style=\"padding-left: 40px;\">1. augusztus 9., 7-9 pm, cserk\u00e9szh\u00e1z<br \/>\n2. augusztus 25., 7-9 pm, cserk\u00e9szh\u00e1z<br \/>\n3. szeptember 14., 7-9 pm, Szt. Imre rendezv\u00e9nyterem<br \/>\n4. okt\u00f3ber 12., 7-9 pm, Szt. Imre rendezv\u00e9nyterem<\/p>\n<p><strong>Tardonai t\u00e1nc (n\u0151i t\u00e1nc)<\/strong><\/p>\n<p style=\"padding-left: 40px;\">1. augusztus 11., 7-9 pm, cserk\u00e9szh\u00e1z<br \/>\n2. augusztus 18., 7-9 pm, cserk\u00e9szh\u00e1z<br \/>\n3. szeptember 12., 8-9 pm, cserk\u00e9szh\u00e1z<br \/>\n4. szeptember 15., 7-9 pm, cserk\u00e9szh\u00e1z<br \/>\n5. szeptember 29., 7-9 pm, cserk\u00e9szh\u00e1z<br \/>\n6. okt\u00f3ber 13., 7-9 pm, cserk\u00e9szh\u00e1z<br \/>\n7. okt\u00f3ber 27., 7-9 pm, cserk\u00e9szh\u00e1z<\/p>\n<p><strong>Sz\u00e9kely t\u00e1nc<\/strong><\/p>\n<p style=\"padding-left: 40px;\">1. augusztus 14., 7-9 pm, cserk\u00e9szh\u00e1z<br \/>\n2. augusztus 28., 7-9 pm, cserk\u00e9szh\u00e1z<br \/>\n3. szeptember 18., 7-9 pm, cserk\u00e9szh\u00e1z<\/p>\n<p><strong>Mez\u0151s\u00e9gi (palatkai) t\u00e1nc<\/strong><\/p>\n<p style=\"padding-left: 40px;\">1. augusztus 21., 7-9 pm, cserk\u00e9szh\u00e1z<br \/>\n2. szeptember 11., 7-9 pm, cserk\u00e9szh\u00e1z<br \/>\n3. szeptember 25., 7-9 pm, cserk\u00e9szh\u00e1z<\/p>\n<p><strong>Erd\u00e9lyi t\u00e1ncblokk, ami a palatkai, a sz\u00e9kely \u00e9s a sz\u00e9ki t\u00e1ncot fogja \u00f6ssze<\/strong><\/p>\n<p style=\"padding-left: 40px;\">1. okt\u00f3ber 2., 7-9 pm, cserk\u00e9szh\u00e1z \u2013 s\u0171r\u0171 temp\u00f3 (sz\u00e9ki f\u00e9rfi t\u00e1nc) minden f\u00e9rfinak, aki a mez\u0151s\u00e9gi, a sz\u00e9kely \u00e9s a sz\u00e9ki csal\u00e1di t\u00e1ncban r\u00e9szt vesz, n\u0151knek nincs pr\u00f3ba<br \/>\n2. okt\u00f3ber 9., 7-9 pm, cserk\u00e9szh\u00e1z \u2013 sz\u00e9kely \u00e9s mez\u0151s\u00e9gi t\u00e1ncosok<br \/>\n3. okt\u00f3ber 16., 7-9 pm cserk\u00e9szh\u00e1z \u2013 sz\u00e9kely \u00e9s mez\u0151s\u00e9gi t\u00e1ncosok, sz\u00e9ki csal\u00e1dok<br \/>\n4. okt\u00f3ber 24., 7-9 pm, cserk\u00e9szh\u00e1z \u2013 sz\u00e9kely \u00e9s mez\u0151s\u00e9gi t\u00e1ncosok, sz\u00e9ki csal\u00e1dok<br \/>\n5. november 6., 7-9 pm, cserk\u00e9szh\u00e1z \u2013 sz\u00e9kely \u00e9s mez\u0151s\u00e9gi t\u00e1ncosok, sz\u00e9ki csal\u00e1dok<\/p>\n<p><strong>Szatm\u00e1ri t\u00e1nc<\/strong><\/p>\n<p style=\"padding-left: 40px;\">1. augusztus 15., 7-9 pm, cserk\u00e9szh\u00e1z<br \/>\n2. augusztus 22., 7-9 pm, cserk\u00e9szh\u00e1z<br \/>\n3. augusztus 29., 7-9 pm, cserk\u00e9szh\u00e1z<br \/>\n4. szeptember 5., 7-9 pm, cserk\u00e9szh\u00e1z<br \/>\n5. szeptember 12., 7-9 pm, cserk\u00e9szh\u00e1z<\/p>\n<p style=\"padding-left: 120px;\">o 7-8 pm szatm\u00e1ri pr\u00f3ba<br \/>\no 8-9 pm botol\u00f3 pr\u00f3ba f\u00e9rfiak r\u00e9sz\u00e9re, tardon<\/p>\n","protected":false},"excerpt":{"rendered":"<p>Needs translation Let\u00f6lt\u00e9s: Aranylakodalom pr\u00f3banapt\u00e1r Aranylakodalom pr\u00f3banapt\u00e1r F\u0150PR\u00d3BA mindenkinek november 14-\u00e9n, kedd este 6:30-t\u00f3l a Lakewood Civic Auditorium sz\u00ednpad\u00e1n) Moldvai t\u00e1nc (n\u0151i t\u00e1nc) 1. augusztus 9., 7-9 pm, cserk\u00e9szh\u00e1z 2. augusztus 25., 7-9 pm, cserk\u00e9szh\u00e1z 3. szeptember 14., 7-9 pm, Szt. Imre rendezv\u00e9nyterem 4. okt\u00f3ber 12., 7-9 pm, Szt. Imre rendezv\u00e9nyterem Tardonai t\u00e1nc (n\u0151i t\u00e1nc) [&hellip;]<\/p>\n","protected":false},"author":12,"featured_media":32096,"comment_status":"closed","ping_status":"closed","sticky":false,"template":"","format":"standard","meta":{"_et_pb_use_builder":"","_et_pb_old_content":"","_et_gb_content_width":"","jetpack_post_was_ever_published":false,"_jetpack_newsletter_access":"","_jetpack_dont_email_post_to_subs":false,"_jetpack_newsletter_tier_id":0,"_jetpack_memberships_contains_paywalled_content":false,"_jetpack_memberships_contains_paid_content":false,"footnotes":"","jetpack_publicize_message":"","jetpack_publicize_feature_enabled":true,"jetpack_social_post_already_shared":true,"jetpack_social_options":{"image_generator_settings":{"template":"highway","default_image_id":0,"font":"","enabled":false},"version":2}},"categories":[33],"tags":[],"class_list":["post-32482","post","type-post","status-publish","format-standard","has-post-thumbnail","hentry","category-news-feed"],"jetpack_publicize_connections":[],"jetpack_featured_media_url":"https:\/\/www.clevelandregos.org\/wp-content\/uploads\/2023\/06\/REGOS50_postcard_PRINT1024_1.jpg","jetpack_shortlink":"https:\/\/wp.me\/p20g3Y-8rU","jetpack_sharing_enabled":true,"jetpack_likes_enabled":true,"_links":{"self":[{"href":"https:\/\/www.clevelandregos.org\/en\/wp-json\/wp\/v2\/posts\/32482","targetHints":{"allow":["GET"]}}],"collection":[{"href":"https:\/\/www.clevelandregos.org\/en\/wp-json\/wp\/v2\/posts"}],"about":[{"href":"https:\/\/www.clevelandregos.org\/en\/wp-json\/wp\/v2\/types\/post"}],"author":[{"embeddable":true,"href":"https:\/\/www.clevelandregos.org\/en\/wp-json\/wp\/v2\/users\/12"}],"replies":[{"embeddable":true,"href":"https:\/\/www.clevelandregos.org\/en\/wp-json\/wp\/v2\/comments?post=32482"}],"version-history":[{"count":1,"href":"https:\/\/www.clevelandregos.org\/en\/wp-json\/wp\/v2\/posts\/32482\/revisions"}],"predecessor-version":[{"id":32483,"href":"https:\/\/www.clevelandregos.org\/en\/wp-json\/wp\/v2\/posts\/32482\/revisions\/32483"}],"wp:featuredmedia":[{"embeddable":true,"href":"https:\/\/www.clevelandregos.org\/en\/wp-json\/wp\/v2\/media\/32096"}],"wp:attachment":[{"href":"https:\/\/www.clevelandregos.org\/en\/wp-json\/wp\/v2\/media?parent=32482"}],"wp:term":[{"taxonomy":"category","embeddable":true,"href":"https:\/\/www.clevelandregos.org\/en\/wp-json\/wp\/v2\/categories?post=32482"},{"taxonomy":"post_tag","embeddable":true,"href":"https:\/\/www.clevelandregos.org\/en\/wp-json\/wp\/v2\/tags?post=32482"}],"curies":[{"name":"wp","href":"https:\/\/api.w.org\/{rel}","templated":true}]}}